{"id":3485,"date":"2022-03-30T11:59:38","date_gmt":"2022-03-30T10:59:38","guid":{"rendered":"https:\/\/www.casiquotidiani.it\/?p=3485"},"modified":"2022-03-30T15:49:55","modified_gmt":"2022-03-30T14:49:55","slug":"il-mondo-interiore-attraverso-la-fotografia","status":"publish","type":"post","link":"https:\/\/www.casiquotidiani.it\/oldcasi\/?p=3485","title":{"rendered":"Il mondo interiore attraverso la fotografia"},"content":{"rendered":"\n<p class=\"wp-block-paragraph\"><em>Intervista a Felice Bonifacio, l&#8217;ingegnere &#8220;fotografo&#8221; progettista del Nuovo Ponte Genova San Giorgio<\/em><\/p>\n\n\n\n<p class=\"wp-block-paragraph\"><strong>Sul tuo profilo Facebook, la definizione del tuo lavoro \u00e8: &#8220;Structural Engineer presso Italferr Spa&#8221;. Potresti raccontare ai lettori di CasiQuotidiani la tua storia? Insomma chi \u00e8 Felice Bonifacio, e di che cosa si occupa?<\/strong><br>Sono un <strong>ingegnere civile<\/strong> specializzato nella progettazione di ponti e strutture in acciaio. Lavoro a Roma nella sede centrale della societ\u00e0 ITALFERR S.p.A., azienda del gruppo Ferrovie dello Stato Italiane, che si occupa di progettazione e direzione dei lavori di grandi infrastrutture.<br>Fino alla fine del biennio della facolt\u00e0 di ingegneria ho vissuto a <strong>Gioiosa Marea<\/strong>, in provincia di Messina. Mi sono trasferito a Roma per completare gli studi alla Sapienza. Ho scelto Roma perch\u00e9 mi ha sempre attratto col suo <strong>fascino senza tempo<\/strong>, e perch\u00e9 speravo in una migliore realizzazione professionale.<\/p>\n\n\n\n<div class=\"wp-block-image\"><figure class=\"aligncenter size-full\"><img loading=\"lazy\" decoding=\"async\" width=\"600\" height=\"441\" src=\"https:\/\/www.casiquotidiani.it\/oldcasi\/wp-content\/uploads\/2022\/03\/FeliceBonifacio_l.jpg\" alt=\"\" class=\"wp-image-3486\" srcset=\"https:\/\/www.casiquotidiani.it\/oldcasi\/wp-content\/uploads\/2022\/03\/FeliceBonifacio_l.jpg 600w, https:\/\/www.casiquotidiani.it\/oldcasi\/wp-content\/uploads\/2022\/03\/FeliceBonifacio_l-300x221.jpg 300w, https:\/\/www.casiquotidiani.it\/oldcasi\/wp-content\/uploads\/2022\/03\/FeliceBonifacio_l-110x81.jpg 110w, https:\/\/www.casiquotidiani.it\/oldcasi\/wp-content\/uploads\/2022\/03\/FeliceBonifacio_l-420x309.jpg 420w, https:\/\/www.casiquotidiani.it\/oldcasi\/wp-content\/uploads\/2022\/03\/FeliceBonifacio_l-585x430.jpg 585w\" sizes=\"auto, (max-width: 600px) 100vw, 600px\" \/><\/figure><\/div>\n\n\n\n<p class=\"wp-block-paragraph\"><strong>Al centro della cronaca per il crollo del 14 agosto 2018, oggi il ponte Morandi di Genova &#8211; ricostruito &#8211; vuole riscattarsi da quel drammatico evento. Tu sei stato parte attiva nel progetto di ricostruzione: che cosa ti \u00e8 rimasta di tale esperienza?<\/strong><br>Si, sono uno dei principali progettisti del <strong>nuovo ponte Genova San Giorgio<\/strong>. \u00c8 stata senz\u2019altro un\u2019esperienza lavorativa forte, importante e che pi\u00f9 di altre mi ha reso orgoglioso in 20 anni di lavoro. Con i miei colleghi abbiamo lavorato a testa bassa e in silenzio come fossimo tutti stretti attorno a una citt\u00e0 che aveva bisogno di rialzare la testa dopo una ferita profonda. Questa \u00e8 <strong>la cosa pi\u00f9 preziosa<\/strong> che mi porto dentro, la <strong>testimonianza<\/strong> della forza di squadra che noi italiani siamo in grado di tirar fuori nei momenti pi\u00f9 bui della nostra storia.<\/p>\n\n\n\n<div class=\"wp-block-image\"><figure class=\"aligncenter size-full\"><img loading=\"lazy\" decoding=\"async\" width=\"399\" height=\"600\" src=\"https:\/\/www.casiquotidiani.it\/oldcasi\/wp-content\/uploads\/2022\/03\/FeliceBonifacio_foto3_l.jpg\" alt=\"\" class=\"wp-image-3489\" srcset=\"https:\/\/www.casiquotidiani.it\/oldcasi\/wp-content\/uploads\/2022\/03\/FeliceBonifacio_foto3_l.jpg 399w, https:\/\/www.casiquotidiani.it\/oldcasi\/wp-content\/uploads\/2022\/03\/FeliceBonifacio_foto3_l-200x300.jpg 200w, https:\/\/www.casiquotidiani.it\/oldcasi\/wp-content\/uploads\/2022\/03\/FeliceBonifacio_foto3_l-73x110.jpg 73w, https:\/\/www.casiquotidiani.it\/oldcasi\/wp-content\/uploads\/2022\/03\/FeliceBonifacio_foto3_l-279x420.jpg 279w, https:\/\/www.casiquotidiani.it\/oldcasi\/wp-content\/uploads\/2022\/03\/FeliceBonifacio_foto3_l-286x430.jpg 286w\" sizes=\"auto, (max-width: 399px) 100vw, 399px\" \/><\/figure><\/div>\n\n\n\n<p class=\"wp-block-paragraph\"><strong>Mettendo da parte per un momento l&#8217;ambito professionale, so che sei un appassionato fotografo. Com&#8217;\u00e8 nato questo amore e quando?<\/strong><br>Ho giocato sin da piccolo con questa strana scatoletta misteriosa, essendo mio padre appassionato di fotografia. Prima del viaggio di nozze negli Stati Uniti, ho voluto approfondire alcuni aspetti tecnici. Ho cominciato ad apprezzare il <strong>linguaggio fotografico<\/strong>. Ho imparato, grazie anche all\u2019incontro con veri appassionati, che tutti gli aspetti tecnici in fotografia dovrebbero sempre stare \u201cal servizio\u201d dell\u2019immagine. La <strong>buona fotografia<\/strong> in bianco e nero spesso, per chi la guarda con attenzione, \u00e8 una <strong>metafora<\/strong>: le luci, le ombre, i passaggi tonali, la resa \u201cmaterica\u201d delle superfici, alludono alle cose <strong>semplici del quotidiano <\/strong>o ai nostri <strong>pensieri pi\u00f9 profondi<\/strong>.<\/p>\n\n\n\n<div class=\"wp-block-image\"><figure class=\"aligncenter size-full is-resized\"><img loading=\"lazy\" decoding=\"async\" src=\"https:\/\/www.casiquotidiani.it\/oldcasi\/wp-content\/uploads\/2022\/03\/FeliceBonifacio_foto1_l.jpg\" alt=\"\" class=\"wp-image-3487\" width=\"525\" height=\"525\" srcset=\"https:\/\/www.casiquotidiani.it\/oldcasi\/wp-content\/uploads\/2022\/03\/FeliceBonifacio_foto1_l.jpg 700w, https:\/\/www.casiquotidiani.it\/oldcasi\/wp-content\/uploads\/2022\/03\/FeliceBonifacio_foto1_l-300x300.jpg 300w, https:\/\/www.casiquotidiani.it\/oldcasi\/wp-content\/uploads\/2022\/03\/FeliceBonifacio_foto1_l-150x150.jpg 150w, https:\/\/www.casiquotidiani.it\/oldcasi\/wp-content\/uploads\/2022\/03\/FeliceBonifacio_foto1_l-250x250.jpg 250w, https:\/\/www.casiquotidiani.it\/oldcasi\/wp-content\/uploads\/2022\/03\/FeliceBonifacio_foto1_l-125x125.jpg 125w, https:\/\/www.casiquotidiani.it\/oldcasi\/wp-content\/uploads\/2022\/03\/FeliceBonifacio_foto1_l-110x110.jpg 110w, https:\/\/www.casiquotidiani.it\/oldcasi\/wp-content\/uploads\/2022\/03\/FeliceBonifacio_foto1_l-420x420.jpg 420w, https:\/\/www.casiquotidiani.it\/oldcasi\/wp-content\/uploads\/2022\/03\/FeliceBonifacio_foto1_l-430x430.jpg 430w\" sizes=\"auto, (max-width: 525px) 100vw, 525px\" \/><\/figure><\/div>\n\n\n\n<p class=\"wp-block-paragraph\"><strong>Prediligi una o pi\u00f9 tecniche fotografiche? Che cosa cattura la tua attenzione a tal punto da divenire soggetto trainante del tuo lavoro artistico?<\/strong><br>Lo stile fotografico che preferisco e che meglio traduce il mio linguaggio visivo \u00e8 quello del <strong>bianco e nero analogico implementato con le tecniche della camera oscura<\/strong>. Le stampe ai sali d\u2019argento dopo le operazioni manuali sotto la luce dell\u2019ingranditore, in modo quasi magico, si &#8220;rivelano&#8221; dal bianco della carta immersa negli acidi delle bacinelle di sviluppo e fissaggio. Tutto parte ovviamente in fase di <strong>scatto<\/strong>; catturano principalmente la mia attenzione le <strong>persone<\/strong> e i <strong>paesaggi antropizzati<\/strong>. Spesso ho la sensazione di percepire ad esempio una <strong>storia<\/strong> davanti a un semplice muro e stampare bene la fotografia che vedo, significa per me <strong>finalizzare<\/strong> al meglio quel <strong>racconto<\/strong>.<\/p>\n\n\n\n<p class=\"wp-block-paragraph\"><strong>Hai in mente nuovi progetti fotografici?<\/strong><br>Progetti ne ho tanti, ma purtroppo per ragioni di tempo non sono in grado di realizzarli tutti. Poter realizzare un <strong>progetto fotografico<\/strong> o anche solo andare in giro a fotografare \u00e8 per me un&#8217;esigenza insopprimibile, una specie di \u201ccompletamento\u201d della mia persona: una parte del mio <strong>mondo interiore<\/strong> che viene alla luce. Mi piacerebbe realizzare un progetto fotografico intenso sulla<strong> Sicilia<\/strong> ma devo mettere meglio a fuoco il vero soggetto&#8230;<\/p>\n\n\n\n<div class=\"wp-block-image\"><figure class=\"aligncenter size-full\"><img loading=\"lazy\" decoding=\"async\" width=\"600\" height=\"600\" src=\"https:\/\/www.casiquotidiani.it\/oldcasi\/wp-content\/uploads\/2022\/03\/FeliceBonifacio_foto2_l.jpg\" alt=\"\" class=\"wp-image-3488\" srcset=\"https:\/\/www.casiquotidiani.it\/oldcasi\/wp-content\/uploads\/2022\/03\/FeliceBonifacio_foto2_l.jpg 600w, https:\/\/www.casiquotidiani.it\/oldcasi\/wp-content\/uploads\/2022\/03\/FeliceBonifacio_foto2_l-300x300.jpg 300w, https:\/\/www.casiquotidiani.it\/oldcasi\/wp-content\/uploads\/2022\/03\/FeliceBonifacio_foto2_l-150x150.jpg 150w, https:\/\/www.casiquotidiani.it\/oldcasi\/wp-content\/uploads\/2022\/03\/FeliceBonifacio_foto2_l-250x250.jpg 250w, https:\/\/www.casiquotidiani.it\/oldcasi\/wp-content\/uploads\/2022\/03\/FeliceBonifacio_foto2_l-125x125.jpg 125w, https:\/\/www.casiquotidiani.it\/oldcasi\/wp-content\/uploads\/2022\/03\/FeliceBonifacio_foto2_l-110x110.jpg 110w, https:\/\/www.casiquotidiani.it\/oldcasi\/wp-content\/uploads\/2022\/03\/FeliceBonifacio_foto2_l-420x420.jpg 420w, https:\/\/www.casiquotidiani.it\/oldcasi\/wp-content\/uploads\/2022\/03\/FeliceBonifacio_foto2_l-430x430.jpg 430w\" sizes=\"auto, (max-width: 600px) 100vw, 600px\" \/><\/figure><\/div>\n\n\n\n<p class=\"wp-block-paragraph\"><strong>Hai partecipato a concorsi settoriali e\/o hai mai realizzato mostre con i tuoi scatti?<\/strong><br>Si, ho partecipato a diversi concorsi fotografici; mi \u00e8 capitato anche di vincere e di vedere qualche foto pubblicata su riviste o vari siti specialistici. Ho avuto il piacere di mettere su delle mostre, sia personali che collettive. Trovo che con le mostre collettive si cresca particolarmente, perch\u00e9 si ha la possibilit\u00e0 di <strong>condividere un progetto<\/strong> con altri appassionati: la <strong>moltitudine<\/strong> dei diversi punti di vista su uno specifico tema apre molto la mente.<\/p>\n\n\n\n<p class=\"wp-block-paragraph\"><strong>Infine, esiste un sito o canale tutto tuo per chi volesse seguirti\u00a0e acquistare le tue fotografie?<\/strong><br>Ammetto di non essere molto bravo a vendere quello che faccio! Tuttavia ho un sito internet <a rel=\"noreferrer noopener\" href=\"http:\/\/www.felicebonifacio.it\/\" target=\"_blank\"><strong>felicebonifacio.it<\/strong><\/a>, un profilo su <strong><a rel=\"noreferrer noopener\" href=\"https:\/\/www.flickr.com\/photos\/felice_bonifacio\/\" target=\"_blank\">flickr<\/a><\/strong>, ma aggiorno pi\u00f9 frequentemente il semplice profilo <strong>instagram<\/strong> <strong><a rel=\"noreferrer noopener\" href=\"https:\/\/www.instagram.com\/felice_bonifacio\/\" target=\"_blank\">felice_bonifacio<\/a><\/strong>.<\/p>\n\n\n\n<p class=\"wp-block-paragraph\"><\/p>\n\n\n\n<p class=\"wp-block-paragraph\"><strong><em>Simona Merlo<\/em><\/strong><\/p>\n","protected":false},"excerpt":{"rendered":"<p>Intervista a Felice Bonifacio, l&#8217;ingegnere &#8220;fotografo&#8221; progettista del Nuovo Ponte Genova San Giorgio Sul tuo profilo Facebook, la definizione del tuo lavoro \u00e8: &#8220;Structural Engineer presso Italferr Spa&#8221;. Potresti raccontare ai lettori di CasiQuotidiani la tua storia? Insomma chi \u00e8 Felice Bonifacio, e di che cosa si occupa?Sono un ingegnere civile specializzato nella progettazione di [&hellip;]<\/p>\n","protected":false},"author":3,"featured_media":3488,"comment_status":"closed","ping_status":"open","sticky":true,"template":"","format":"standard","meta":{"footnotes":""},"categories":[2],"tags":[2058,217,874,1748,3288,11,160,3289,3290,2282,922],"class_list":["post-3485","post","type-post","status-publish","format-standard","has-post-thumbnail","hentry","category-melting-pot","tag-bianco-e-nero","tag-foto","tag-fotografia","tag-gioiosa-marea","tag-ingegnere","tag-intervista","tag-passione","tag-ponte-morandi","tag-progetti-fotografici","tag-scatti","tag-sicilia"],"_links":{"self":[{"href":"https:\/\/www.casiquotidiani.it\/oldcasi\/index.php?rest_route=\/wp\/v2\/posts\/3485","targetHints":{"allow":["GET"]}}],"collection":[{"href":"https:\/\/www.casiquotidiani.it\/oldcasi\/index.php?rest_route=\/wp\/v2\/posts"}],"about":[{"href":"https:\/\/www.casiquotidiani.it\/oldcasi\/index.php?rest_route=\/wp\/v2\/types\/post"}],"author":[{"embeddable":true,"href":"https:\/\/www.casiquotidiani.it\/oldcasi\/index.php?rest_route=\/wp\/v2\/users\/3"}],"replies":[{"embeddable":true,"href":"https:\/\/www.casiquotidiani.it\/oldcasi\/index.php?rest_route=%2Fwp%2Fv2%2Fcomments&post=3485"}],"version-history":[{"count":3,"href":"https:\/\/www.casiquotidiani.it\/oldcasi\/index.php?rest_route=\/wp\/v2\/posts\/3485\/revisions"}],"predecessor-version":[{"id":3493,"href":"https:\/\/www.casiquotidiani.it\/oldcasi\/index.php?rest_route=\/wp\/v2\/posts\/3485\/revisions\/3493"}],"wp:featuredmedia":[{"embeddable":true,"href":"https:\/\/www.casiquotidiani.it\/oldcasi\/index.php?rest_route=\/wp\/v2\/media\/3488"}],"wp:attachment":[{"href":"https:\/\/www.casiquotidiani.it\/oldcasi\/index.php?rest_route=%2Fwp%2Fv2%2Fmedia&parent=3485"}],"wp:term":[{"taxonomy":"category","embeddable":true,"href":"https:\/\/www.casiquotidiani.it\/oldcasi\/index.php?rest_route=%2Fwp%2Fv2%2Fcategories&post=3485"},{"taxonomy":"post_tag","embeddable":true,"href":"https:\/\/www.casiquotidiani.it\/oldcasi\/index.php?rest_route=%2Fwp%2Fv2%2Ftags&post=3485"}],"curies":[{"name":"wp","href":"https:\/\/api.w.org\/{rel}","templated":true}]}}