{"id":3564,"date":"2022-05-23T11:10:25","date_gmt":"2022-05-23T10:10:25","guid":{"rendered":"https:\/\/www.casiquotidiani.it\/?p=3564"},"modified":"2022-05-23T13:27:13","modified_gmt":"2022-05-23T12:27:13","slug":"intervista-a-valentina-restivo-la-disegnatrice-dal-segno-netto-e-asciutto","status":"publish","type":"post","link":"https:\/\/www.casiquotidiani.it\/oldcasi\/?p=3564","title":{"rendered":"Valentina Restivo, la disegnatrice dal segno netto e asciutto"},"content":{"rendered":"\n<p class=\"wp-block-paragraph\"><strong>Una prima domanda di presentazione &#8220;ufficiale&#8221; giusto per chi segue CasiQuotidiani ma (ancora per poco) non sa nulla di te: chi \u00e8 Valentina Restivo?&nbsp;<\/strong><br>Per rispondere a &#8220;chi sono&#8221;, user\u00f2 la mia <strong>mini-bio<\/strong> che in pochissime righe racconta le tappe salienti della mia vita fino ad ora.&nbsp;Nasco a Livorno il 20 maggio 1983. Dopo la laurea in Cinema e immagine elettronica con una tesi illustrata su \u201cSal\u00f2 o le 120 giornate di Sodoma\u201d di Pier Paolo Pasolini, frequento la Scuola Internazionale di Arte Grafica Il Bisonte a Firenze. Ho illustrato per puro piacere diversi film, ritratto numerosi personaggi che avrei voluto conoscere, partecipato a mostre pi\u00f9 o meno felici e sto dando vita a una <strong>stamperia casalinga<\/strong> a Livorno insieme al mio compagno fotografo <a href=\"https:\/\/www.instagram.com\/filippoboccini\/\" target=\"_blank\" rel=\"noreferrer noopener\">Filippo Boccini<\/a> (a seguire una sua foto).<\/p>\n\n\n\n<figure class=\"wp-block-image size-full is-resized\"><img loading=\"lazy\" decoding=\"async\" src=\"https:\/\/www.casiquotidiani.it\/oldcasi\/wp-content\/uploads\/2022\/05\/Restivo_PhotoFilippoBoccini.jpg\" alt=\"\" class=\"wp-image-3565\" width=\"300\" height=\"450\" srcset=\"https:\/\/www.casiquotidiani.it\/oldcasi\/wp-content\/uploads\/2022\/05\/Restivo_PhotoFilippoBoccini.jpg 600w, https:\/\/www.casiquotidiani.it\/oldcasi\/wp-content\/uploads\/2022\/05\/Restivo_PhotoFilippoBoccini-200x300.jpg 200w, https:\/\/www.casiquotidiani.it\/oldcasi\/wp-content\/uploads\/2022\/05\/Restivo_PhotoFilippoBoccini-73x110.jpg 73w, https:\/\/www.casiquotidiani.it\/oldcasi\/wp-content\/uploads\/2022\/05\/Restivo_PhotoFilippoBoccini-280x420.jpg 280w, https:\/\/www.casiquotidiani.it\/oldcasi\/wp-content\/uploads\/2022\/05\/Restivo_PhotoFilippoBoccini-287x430.jpg 287w\" sizes=\"auto, (max-width: 300px) 100vw, 300px\" \/><\/figure>\n\n\n\n<p class=\"wp-block-paragraph\"><strong>Sul tuo profilo Instagram &#8211; &#8220;<a href=\"https:\/\/www.instagram.com\/la_restivo\/\" target=\"_blank\" rel=\"noreferrer noopener\">la_restivo<\/a>&#8221; &#8211; si legge: painter, illustrator, printmaking. Ti va di descrivere questi tre aspetti del tuo lavoro?<\/strong><br>Avrei potuto raccogliere queste tre parole in una sola: <a href=\"https:\/\/valentinarestivo.tumblr.com\/?fbclid=IwAR0exJ3GHDxvraTHuW9nucvdlfpSUn1BotsxFkz2vyBDFJB-EtHkNz1Aadk\" target=\"_blank\" rel=\"noreferrer noopener\">disegnatrice<\/a>. La base di tutto il mio lavoro \u00e8 il disegno e la conseguente ricerca di un <strong>segno netto e asciutto<\/strong>. Anche se ho a che fare con un mezzo &#8220;morbido&#8221; come la pittura, \u00e8 il segno che mi guida. Le tecniche adoperate (pittura, illustrazione, incisione) hanno inoltre un comune soggetto che \u00e8 la <strong>figura umana<\/strong>. Le diverse tecniche mi danno la possibilit\u00e0&nbsp;di affrontare i soggetti in maniera pi\u00f9 ampia.<\/p>\n\n\n\n<div class=\"wp-block-image\"><figure class=\"aligncenter size-full is-resized\"><img loading=\"lazy\" decoding=\"async\" src=\"https:\/\/www.casiquotidiani.it\/oldcasi\/wp-content\/uploads\/2022\/05\/PERSONA_R.jpg\" alt=\"\" class=\"wp-image-3566\" width=\"450\" height=\"321\" srcset=\"https:\/\/www.casiquotidiani.it\/oldcasi\/wp-content\/uploads\/2022\/05\/PERSONA_R.jpg 600w, https:\/\/www.casiquotidiani.it\/oldcasi\/wp-content\/uploads\/2022\/05\/PERSONA_R-300x214.jpg 300w, https:\/\/www.casiquotidiani.it\/oldcasi\/wp-content\/uploads\/2022\/05\/PERSONA_R-110x78.jpg 110w, https:\/\/www.casiquotidiani.it\/oldcasi\/wp-content\/uploads\/2022\/05\/PERSONA_R-420x300.jpg 420w\" sizes=\"auto, (max-width: 450px) 100vw, 450px\" \/><figcaption>&#8220;<strong>Persona&#8221;<\/strong><\/figcaption><\/figure><\/div>\n\n\n\n<p class=\"wp-block-paragraph\"><strong>In che modo scegli i soggetti delle tue opere e perch\u00e9?<\/strong><br>I soggetti che scelgo sono per lo pi\u00f9 &#8220;personaggi famosi&#8221;, facce legate al cinema e alla letteratura, che non ho conosciuto se non attraverso <strong>la parola scritta<\/strong> o <strong>l&#8217;immagine fotografica<\/strong> o <strong>cinematografica<\/strong>. Disegnarli&nbsp;mi consente di instaurare una specie di dialogo silenzioso con loro. Credo che questa scelta sia dovuta al mio stile di vita, poich\u00e9 due delle attivit\u00e0 che amo, forse anche pi\u00f9 del disegno stesso, sono leggere e guardare film.<\/p>\n\n\n\n<figure class=\"wp-block-image size-full is-resized\"><img loading=\"lazy\" decoding=\"async\" src=\"https:\/\/www.casiquotidiani.it\/oldcasi\/wp-content\/uploads\/2022\/05\/TEOREMA_R.jpg\" alt=\"\" class=\"wp-image-3567\" width=\"300\" height=\"426\" srcset=\"https:\/\/www.casiquotidiani.it\/oldcasi\/wp-content\/uploads\/2022\/05\/TEOREMA_R.jpg 600w, https:\/\/www.casiquotidiani.it\/oldcasi\/wp-content\/uploads\/2022\/05\/TEOREMA_R-211x300.jpg 211w, https:\/\/www.casiquotidiani.it\/oldcasi\/wp-content\/uploads\/2022\/05\/TEOREMA_R-77x110.jpg 77w, https:\/\/www.casiquotidiani.it\/oldcasi\/wp-content\/uploads\/2022\/05\/TEOREMA_R-296x420.jpg 296w, https:\/\/www.casiquotidiani.it\/oldcasi\/wp-content\/uploads\/2022\/05\/TEOREMA_R-303x430.jpg 303w\" sizes=\"auto, (max-width: 300px) 100vw, 300px\" \/><figcaption><strong>&#8220;Teorema&#8221;<\/strong><\/figcaption><\/figure>\n\n\n\n<p class=\"wp-block-paragraph\"><strong>Quali tecniche &#8220;illustrative&#8221; e di riproduzione prediligi?<\/strong><br>La banale <strong>biro<\/strong> <strong>nera<\/strong> \u00e8 gi\u00e0 un mezzo perfetto per fare <strong>ritratti<\/strong> e perdermi nei segni. Amo il bianco e nero. Quindi la <strong>xilografia<\/strong> che, oltre a portarmi verso l&#8217;amata sintesi, mi porta a lavorare con un materiale bellissimo e vivo come il <strong>legno<\/strong> (vengo da generazioni di falegnami: padre, nonno, bisnonno). Inoltre adoro<strong> illustrare film<\/strong>, un procedimento abbastanza lungo ma che ti porta a smontare un film fotogramma dopo fotogramma e a una comprensione pi\u00f9 alta dell&#8217;immagine.<\/p>\n\n\n\n<div class=\"wp-block-image\"><figure class=\"aligncenter size-full is-resized\"><img loading=\"lazy\" decoding=\"async\" src=\"https:\/\/www.casiquotidiani.it\/oldcasi\/wp-content\/uploads\/2022\/05\/SCOLPIRE-IL-TEMPO_R.jpg\" alt=\"\" class=\"wp-image-3568\" width=\"300\" height=\"392\" srcset=\"https:\/\/www.casiquotidiani.it\/oldcasi\/wp-content\/uploads\/2022\/05\/SCOLPIRE-IL-TEMPO_R.jpg 600w, https:\/\/www.casiquotidiani.it\/oldcasi\/wp-content\/uploads\/2022\/05\/SCOLPIRE-IL-TEMPO_R-230x300.jpg 230w, https:\/\/www.casiquotidiani.it\/oldcasi\/wp-content\/uploads\/2022\/05\/SCOLPIRE-IL-TEMPO_R-84x110.jpg 84w, https:\/\/www.casiquotidiani.it\/oldcasi\/wp-content\/uploads\/2022\/05\/SCOLPIRE-IL-TEMPO_R-322x420.jpg 322w, https:\/\/www.casiquotidiani.it\/oldcasi\/wp-content\/uploads\/2022\/05\/SCOLPIRE-IL-TEMPO_R-330x430.jpg 330w\" sizes=\"auto, (max-width: 300px) 100vw, 300px\" \/><figcaption><strong>&#8220;Scolpire il tempo&#8221;<\/strong><\/figcaption><\/figure><\/div>\n\n\n\n<p class=\"wp-block-paragraph\"><strong>Ne &#8220;Il volto #1&#8221;, un progetto in 5 puntate di Marco Bruciati (un &#8220;mikro film&#8221; di 5 minuti) racconti le tue &#8220;ossessioni artistiche&#8221;. Ti andrebbe di svelarne qualcuna in pi\u00f9 per il nostro blog? (O naturalmente ripetere le stesse del film&#8230;).<\/strong><br>Nel corto di Marco parlo&nbsp;di alcune mie &#8220;fisse&#8221;. Sono alcune facce per le quali provo piacere nel ritrarle.&nbsp;David <strong>Lynch<\/strong>, Pier Paolo <strong>Pasolini<\/strong> e Silvana <strong>Mangano<\/strong> sono tre di queste.<\/p>\n\n\n\n<figure class=\"wp-block-embed aligncenter is-type-video is-provider-youtube wp-block-embed-youtube wp-embed-aspect-16-9 wp-has-aspect-ratio\"><div class=\"wp-block-embed__wrapper\">\n<iframe loading=\"lazy\" title=\"Il Volto_con Valentina Restivo_MikroFilm #1\" width=\"640\" height=\"360\" src=\"https:\/\/www.youtube.com\/embed\/TqQlG2vxn44?feature=oembed\" frameborder=\"0\" allow=\"accelerometer; autoplay; clipboard-write; encrypted-media; gyroscope; picture-in-picture; web-share\" referrerpolicy=\"strict-origin-when-cross-origin\" allowfullscreen><\/iframe>\n<\/div><figcaption><strong>Il Volto_con Valentina Restivo_MikroFilm #1<\/strong><\/figcaption><\/figure>\n\n\n\n<p class=\"wp-block-paragraph\"><\/p>\n\n\n\n<figure class=\"wp-block-image size-full is-resized\"><img loading=\"lazy\" decoding=\"async\" src=\"https:\/\/www.casiquotidiani.it\/oldcasi\/wp-content\/uploads\/2022\/05\/PASOLINIR.jpg\" alt=\"\" class=\"wp-image-3571\" width=\"300\" height=\"440\" srcset=\"https:\/\/www.casiquotidiani.it\/oldcasi\/wp-content\/uploads\/2022\/05\/PASOLINIR.jpg 600w, https:\/\/www.casiquotidiani.it\/oldcasi\/wp-content\/uploads\/2022\/05\/PASOLINIR-205x300.jpg 205w, https:\/\/www.casiquotidiani.it\/oldcasi\/wp-content\/uploads\/2022\/05\/PASOLINIR-75x110.jpg 75w, https:\/\/www.casiquotidiani.it\/oldcasi\/wp-content\/uploads\/2022\/05\/PASOLINIR-287x420.jpg 287w, https:\/\/www.casiquotidiani.it\/oldcasi\/wp-content\/uploads\/2022\/05\/PASOLINIR-294x430.jpg 294w\" sizes=\"auto, (max-width: 300px) 100vw, 300px\" \/><figcaption><strong>&#8220;L&#8217;allievo di Giotto&#8221;<\/strong><\/figcaption><\/figure>\n\n\n\n<p class=\"wp-block-paragraph\"><strong>L&#8217;ultima mostra che hai fatto e la prossima che farai proprio a Siena&#8230;<\/strong><br>L&#8217;ultima \u00e8 stata a <strong>Parigi<\/strong>, alla libreria italiana &#8220;<a rel=\"noreferrer noopener\" href=\"https:\/\/www.instagram.com\/libreriaitalianalatourdebabel\/\" target=\"_blank\">La Tour de Babel<\/a>&#8221; e cadeva per i <strong>cento anni<\/strong> dalla nascita di <strong>Pasolini<\/strong>, autore che amo particolarmente al quale ho dedicato una grossa parte della mia produzione artistica. E ora <strong>Siena<\/strong>, e di nuovo una <a rel=\"noreferrer noopener\" href=\"https:\/\/www.instagram.com\/rebecca_libreria\/\" target=\"_blank\">libreria<\/a> (a seguire la locandina dedicata all&#8217;evento di domenica 29 maggio). Non posso che essere contenta di essere sempre in mezzo ai <strong>libri<\/strong>.<\/p>\n\n\n\n<div class=\"wp-block-image\"><figure class=\"aligncenter size-full is-resized\"><img loading=\"lazy\" decoding=\"async\" src=\"https:\/\/www.casiquotidiani.it\/oldcasi\/wp-content\/uploads\/2022\/05\/LocandinaRebecca_R.jpg\" alt=\"\" class=\"wp-image-3569\" width=\"300\" height=\"424\" srcset=\"https:\/\/www.casiquotidiani.it\/oldcasi\/wp-content\/uploads\/2022\/05\/LocandinaRebecca_R.jpg 600w, https:\/\/www.casiquotidiani.it\/oldcasi\/wp-content\/uploads\/2022\/05\/LocandinaRebecca_R-212x300.jpg 212w, https:\/\/www.casiquotidiani.it\/oldcasi\/wp-content\/uploads\/2022\/05\/LocandinaRebecca_R-78x110.jpg 78w, https:\/\/www.casiquotidiani.it\/oldcasi\/wp-content\/uploads\/2022\/05\/LocandinaRebecca_R-297x420.jpg 297w, https:\/\/www.casiquotidiani.it\/oldcasi\/wp-content\/uploads\/2022\/05\/LocandinaRebecca_R-304x430.jpg 304w\" sizes=\"auto, (max-width: 300px) 100vw, 300px\" \/><figcaption><strong>&#8220;Ritratti per Rebecca&#8221;<\/strong><\/figcaption><\/figure><\/div>\n\n\n\n<p class=\"wp-block-paragraph\"><strong>Progetti futuri, novit\u00e0 &#8220;sperimentali&#8221; che ti girano in testa: che cosa puoi anticiparci?&nbsp;<\/strong><br>Ho in mente da diverso tempo un progetto che lega il cinema di <strong>David Lynch<\/strong> alla <strong>letteratura<\/strong> americana al quale sto lavorando, ad intermittenza, da un po&#8217; pi\u00f9 di un anno.&nbsp;<\/p>\n\n\n\n<div class=\"wp-block-image\"><figure class=\"aligncenter size-full is-resized\"><img loading=\"lazy\" decoding=\"async\" src=\"https:\/\/www.casiquotidiani.it\/oldcasi\/wp-content\/uploads\/2022\/05\/LYNCH_R.jpg\" alt=\"\" class=\"wp-image-3570\" width=\"300\" height=\"448\" srcset=\"https:\/\/www.casiquotidiani.it\/oldcasi\/wp-content\/uploads\/2022\/05\/LYNCH_R.jpg 600w, https:\/\/www.casiquotidiani.it\/oldcasi\/wp-content\/uploads\/2022\/05\/LYNCH_R-201x300.jpg 201w, https:\/\/www.casiquotidiani.it\/oldcasi\/wp-content\/uploads\/2022\/05\/LYNCH_R-74x110.jpg 74w, https:\/\/www.casiquotidiani.it\/oldcasi\/wp-content\/uploads\/2022\/05\/LYNCH_R-281x420.jpg 281w, https:\/\/www.casiquotidiani.it\/oldcasi\/wp-content\/uploads\/2022\/05\/LYNCH_R-288x430.jpg 288w\" sizes=\"auto, (max-width: 300px) 100vw, 300px\" \/><figcaption><strong>&#8220;LYNCH<\/strong>&#8220;<\/figcaption><\/figure><\/div>\n\n\n\n<p class=\"wp-block-paragraph\"><strong><em>Simona Merlo<\/em><\/strong><\/p>\n\n\n\n<p class=\"wp-block-paragraph\"><br><\/p>\n","protected":false},"excerpt":{"rendered":"<p>Una prima domanda di presentazione &#8220;ufficiale&#8221; giusto per chi segue CasiQuotidiani ma (ancora per poco) non sa nulla di te: chi \u00e8 Valentina Restivo?&nbsp;Per rispondere a &#8220;chi sono&#8221;, user\u00f2 la mia mini-bio che in pochissime righe racconta le tappe salienti della mia vita fino ad ora.&nbsp;Nasco a Livorno il 20 maggio 1983. Dopo la laurea [&hellip;]<\/p>\n","protected":false},"author":3,"featured_media":3576,"comment_status":"closed","ping_status":"open","sticky":true,"template":"","format":"standard","meta":{"footnotes":""},"categories":[2],"tags":[77,3324,3330,3332,62,217,3216,1285,3331,11,225,3333,3033,3325,2872,382,3326,3328,3055,3327,3329,3334],"class_list":["post-3564","post","type-post","status-publish","format-standard","has-post-thumbnail","hentry","category-melting-pot","tag-cinema","tag-disegnatrice","tag-facce","tag-figura-umana","tag-film","tag-foto","tag-illustrator","tag-illustrazione","tag-incisione","tag-intervista","tag-livorno","tag-lynch","tag-mostra","tag-painter","tag-pasolini","tag-pittura","tag-printmaking","tag-rebecca-libreria","tag-segno","tag-valentina-restivo","tag-visi","tag-xilografia"],"_links":{"self":[{"href":"https:\/\/www.casiquotidiani.it\/oldcasi\/index.php?rest_route=\/wp\/v2\/posts\/3564","targetHints":{"allow":["GET"]}}],"collection":[{"href":"https:\/\/www.casiquotidiani.it\/oldcasi\/index.php?rest_route=\/wp\/v2\/posts"}],"about":[{"href":"https:\/\/www.casiquotidiani.it\/oldcasi\/index.php?rest_route=\/wp\/v2\/types\/post"}],"author":[{"embeddable":true,"href":"https:\/\/www.casiquotidiani.it\/oldcasi\/index.php?rest_route=\/wp\/v2\/users\/3"}],"replies":[{"embeddable":true,"href":"https:\/\/www.casiquotidiani.it\/oldcasi\/index.php?rest_route=%2Fwp%2Fv2%2Fcomments&post=3564"}],"version-history":[{"count":5,"href":"https:\/\/www.casiquotidiani.it\/oldcasi\/index.php?rest_route=\/wp\/v2\/posts\/3564\/revisions"}],"predecessor-version":[{"id":3579,"href":"https:\/\/www.casiquotidiani.it\/oldcasi\/index.php?rest_route=\/wp\/v2\/posts\/3564\/revisions\/3579"}],"wp:featuredmedia":[{"embeddable":true,"href":"https:\/\/www.casiquotidiani.it\/oldcasi\/index.php?rest_route=\/wp\/v2\/media\/3576"}],"wp:attachment":[{"href":"https:\/\/www.casiquotidiani.it\/oldcasi\/index.php?rest_route=%2Fwp%2Fv2%2Fmedia&parent=3564"}],"wp:term":[{"taxonomy":"category","embeddable":true,"href":"https:\/\/www.casiquotidiani.it\/oldcasi\/index.php?rest_route=%2Fwp%2Fv2%2Fcategories&post=3564"},{"taxonomy":"post_tag","embeddable":true,"href":"https:\/\/www.casiquotidiani.it\/oldcasi\/index.php?rest_route=%2Fwp%2Fv2%2Ftags&post=3564"}],"curies":[{"name":"wp","href":"https:\/\/api.w.org\/{rel}","templated":true}]}}