{"id":3679,"date":"2022-09-15T17:45:23","date_gmt":"2022-09-15T16:45:23","guid":{"rendered":"https:\/\/www.casiquotidiani.it\/?p=3679"},"modified":"2022-10-12T17:55:38","modified_gmt":"2022-10-12T16:55:38","slug":"disabilita-caregiver-e-politici-lanalisi-di-elena-casi-1","status":"publish","type":"post","link":"https:\/\/www.casiquotidiani.it\/oldcasi\/?p=3679","title":{"rendered":"Disabilit\u00e0 e politica: l&#8217;analisi di Elena Casi #1"},"content":{"rendered":"\n<p class=\"wp-block-paragraph\">Ho letto attentamente i programmi elettorali dei principali partiti che si sfidano alle elezioni del 25 settembre per capire che cosa &#8220;si propongono di fare&#8221; i partiti per le persone con disabilit\u00e0, per i loro familiari e per i caregiver che sono, in Italia, tra i 5 e i 6 milioni?<br>\u2705 In modo quasi sorprendente posso dire che &#8220;la disabilit\u00e0&#8221; questa volta non \u00e8 la &#8220;grande assente&#8221;, come nel 2018, ma c&#8217;\u00e8 in tutti i programmi elettorali delle principali forze politiche.<br>Ovviamente poi andr\u00e0 valutato se chi salir\u00e0 al Governo manterr\u00e0 le promesse fatte in campagna elettorale.<br>Ma analizziamo &#8211; senza giudizio alcuno ma solo a scopo informativo &#8211; come viene trattato questo tema dai vari schieramenti.<br>\ud83d\udca1Oggi inizio con &#8220;l&#8217;Accordo quadro di programma per un Governo di centrodestra&#8221; firmato dalla coalizione che comprende Forza Italia, Lega, Fratelli d&#8217;Italia, Noi Moderati.<br>Nei 15 punti dell&#8217;accordo, la disabilit\u00e0 viene menzionata quando si parla di famiglia, lavoro e stato sociale.<br>\u27a1 Nel punto 5 &#8220;Sostegno alla famiglia e alla natalit\u00e0&#8221;, si promette &#8220;sostegno concreto alle famiglie con disabili a carico attraverso l&#8217;incremento dei livelli essenziali di assistenza sociale&#8221;.<br>\u27a1 Nel punto 8 &#8220;Difesa del lavoro, dell&#8217;impresa e dell&#8217;economia&#8221; si parla di &#8220;rafforzamento dei meccanismi di decontribuzione per il lavoro femminile, gli under-35, i disabili, e per le assunzioni nelle zone svantaggiate&#8221;.<br>\u27a1 Al punto 9 &#8220;Stato sociale e sostegno ai bisognosi&#8221; si fa riferimento&#8221;all&#8217;innalzamento delle pensioni minime, sociali e di invalidit\u00e0&#8221;, al &#8220;controllo sull&#8217;effettiva applicazione degli incentivi all&#8217;inserimento dei disabili nel mondo del lavoro&#8221; e al &#8220;potenziamento di politiche mirate alla piena presa in carico delle persone con disabilit\u00e0, anche attraverso l&#8217;incremento delle relative risorse&#8221;.<br>Si fa riferimento anche a &#8220;maggiori tutele in favore dei lavoratori fragili, immunodepressi e con disabilit\u00e0 grave&#8221;.<\/p>\n\n\n\n<figure class=\"wp-block-image size-large\"><img loading=\"lazy\" decoding=\"async\" width=\"1024\" height=\"858\" src=\"https:\/\/www.casiquotidiani.it\/oldcasi\/wp-content\/uploads\/2022\/09\/CentroDestra_light-1024x858.jpg\" alt=\"\" class=\"wp-image-3680\" srcset=\"https:\/\/www.casiquotidiani.it\/oldcasi\/wp-content\/uploads\/2022\/09\/CentroDestra_light-1024x858.jpg 1024w, https:\/\/www.casiquotidiani.it\/oldcasi\/wp-content\/uploads\/2022\/09\/CentroDestra_light-300x250.jpg 300w, https:\/\/www.casiquotidiani.it\/oldcasi\/wp-content\/uploads\/2022\/09\/CentroDestra_light-768x644.jpg 768w, https:\/\/www.casiquotidiani.it\/oldcasi\/wp-content\/uploads\/2022\/09\/CentroDestra_light-110x92.jpg 110w, https:\/\/www.casiquotidiani.it\/oldcasi\/wp-content\/uploads\/2022\/09\/CentroDestra_light-420x352.jpg 420w, https:\/\/www.casiquotidiani.it\/oldcasi\/wp-content\/uploads\/2022\/09\/CentroDestra_light-513x430.jpg 513w, https:\/\/www.casiquotidiani.it\/oldcasi\/wp-content\/uploads\/2022\/09\/CentroDestra_light.jpg 1080w\" sizes=\"auto, (max-width: 1024px) 100vw, 1024px\" \/><\/figure>\n","protected":false},"excerpt":{"rendered":"<p>Ho letto attentamente i programmi elettorali dei principali partiti che si sfidano alle elezioni del 25 settembre per capire che cosa &#8220;si propongono di fare&#8221; i partiti per le persone con disabilit\u00e0, per i loro familiari e per i caregiver che sono, in Italia, tra i 5 e i 6 milioni?\u2705 In modo quasi sorprendente [&hellip;]<\/p>\n","protected":false},"author":3,"featured_media":3680,"comment_status":"closed","ping_status":"open","sticky":false,"template":"","format":"standard","meta":{"footnotes":""},"categories":[6],"tags":[3386,2549,3384,3389,3390,702,368,3391,3393,133,3392,3387,1792,1138,3385],"class_list":["post-3679","post","type-post","status-publish","format-standard","has-post-thumbnail","hentry","category-mi-girano","tag-3386","tag-caregiver","tag-caregiving","tag-centro","tag-destra","tag-disabilita","tag-elezioni","tag-forza-italia","tag-fratelli-ditalia","tag-italia","tag-lega","tag-partiti","tag-politici","tag-sedia-a-rotelle","tag-supporto"],"_links":{"self":[{"href":"https:\/\/www.casiquotidiani.it\/oldcasi\/index.php?rest_route=\/wp\/v2\/posts\/3679","targetHints":{"allow":["GET"]}}],"collection":[{"href":"https:\/\/www.casiquotidiani.it\/oldcasi\/index.php?rest_route=\/wp\/v2\/posts"}],"about":[{"href":"https:\/\/www.casiquotidiani.it\/oldcasi\/index.php?rest_route=\/wp\/v2\/types\/post"}],"author":[{"embeddable":true,"href":"https:\/\/www.casiquotidiani.it\/oldcasi\/index.php?rest_route=\/wp\/v2\/users\/3"}],"replies":[{"embeddable":true,"href":"https:\/\/www.casiquotidiani.it\/oldcasi\/index.php?rest_route=%2Fwp%2Fv2%2Fcomments&post=3679"}],"version-history":[{"count":3,"href":"https:\/\/www.casiquotidiani.it\/oldcasi\/index.php?rest_route=\/wp\/v2\/posts\/3679\/revisions"}],"predecessor-version":[{"id":3683,"href":"https:\/\/www.casiquotidiani.it\/oldcasi\/index.php?rest_route=\/wp\/v2\/posts\/3679\/revisions\/3683"}],"wp:featuredmedia":[{"embeddable":true,"href":"https:\/\/www.casiquotidiani.it\/oldcasi\/index.php?rest_route=\/wp\/v2\/media\/3680"}],"wp:attachment":[{"href":"https:\/\/www.casiquotidiani.it\/oldcasi\/index.php?rest_route=%2Fwp%2Fv2%2Fmedia&parent=3679"}],"wp:term":[{"taxonomy":"category","embeddable":true,"href":"https:\/\/www.casiquotidiani.it\/oldcasi\/index.php?rest_route=%2Fwp%2Fv2%2Fcategories&post=3679"},{"taxonomy":"post_tag","embeddable":true,"href":"https:\/\/www.casiquotidiani.it\/oldcasi\/index.php?rest_route=%2Fwp%2Fv2%2Ftags&post=3679"}],"curies":[{"name":"wp","href":"https:\/\/api.w.org\/{rel}","templated":true}]}}